{"id":2706,"date":"2019-12-13T08:34:17","date_gmt":"2019-12-13T08:34:17","guid":{"rendered":"https:\/\/ficxa.es\/wordpress\/?p=2706"},"modified":"2019-12-21T10:53:59","modified_gmt":"2019-12-21T10:53:59","slug":"maraton-trinidad-alfonso","status":"publish","type":"post","link":"https:\/\/ficxa.es\/index.php\/2019\/12\/13\/maraton-trinidad-alfonso\/","title":{"rendered":"Marat\u00f3n Trinidad Alfonso"},"content":{"rendered":"<div dir=\"ltr\">\n<div class=\"\">\n<div class=\"\">\n<div class=\"WordSection1\">\n<h1><span style=\"color: #ff6600;\">Marat\u00f3n Trinidad Alfonso<\/span><\/h1>\n<p>Un a\u00f1o m\u00e1s cumplimos el exigente proyecto de implantaci\u00f3n de la imagen en el arco de salida del Marat\u00f3n Trinidad Alfonso, consolid\u00e1ndonos como uno de los proveedores m\u00e1s antiguos de este evento de repercusi\u00f3n mundial.<\/p>\n<p>Esfuerzo, sacrificio y trabajo en equipo son algunos de los valores que nuestra empresa comparte con el marat\u00f3n para lograr nuestras metas.<\/p>\n<p>Enhorabuena equipo por este gran logro.<\/p>\n<p><img loading=\"lazy\" class=\"size-full wp-image-2711 alignnone\" src=\"https:\/\/ficxa.es\/wordpress\/wp-content\/uploads\/2019\/12\/ficxa_marato_de_valencia_04.jpg\" alt=\"\" width=\"960\" height=\"600\" srcset=\"https:\/\/ficxa.es\/wp-content\/uploads\/2019\/12\/ficxa_marato_de_valencia_04.jpg 960w, https:\/\/ficxa.es\/wp-content\/uploads\/2019\/12\/ficxa_marato_de_valencia_04-300x188.jpg 300w, https:\/\/ficxa.es\/wp-content\/uploads\/2019\/12\/ficxa_marato_de_valencia_04-768x480.jpg 768w\" sizes=\"(max-width: 960px) 100vw, 960px\" \/><\/p>\n<\/div>\n<\/div>\n<div class=\"\">\n<div class=\"WordSection1\">\n<div>\n<p><img loading=\"lazy\" class=\"size-full wp-image-2712 alignnone\" src=\"https:\/\/ficxa.es\/wordpress\/wp-content\/uploads\/2019\/12\/ficxa_marato_de_valencia_05.jpg\" alt=\"\" width=\"960\" height=\"600\" srcset=\"https:\/\/ficxa.es\/wp-content\/uploads\/2019\/12\/ficxa_marato_de_valencia_05.jpg 960w, https:\/\/ficxa.es\/wp-content\/uploads\/2019\/12\/ficxa_marato_de_valencia_05-300x188.jpg 300w, https:\/\/ficxa.es\/wp-content\/uploads\/2019\/12\/ficxa_marato_de_valencia_05-768x480.jpg 768w\" sizes=\"(max-width: 960px) 100vw, 960px\" \/><\/p>\n<p><img loading=\"lazy\" class=\"size-full wp-image-2710 alignnone\" src=\"https:\/\/ficxa.es\/wordpress\/wp-content\/uploads\/2019\/12\/ficxa_marato_de_valencia_03.jpg\" alt=\"\" width=\"960\" height=\"600\" srcset=\"https:\/\/ficxa.es\/wp-content\/uploads\/2019\/12\/ficxa_marato_de_valencia_03.jpg 960w, https:\/\/ficxa.es\/wp-content\/uploads\/2019\/12\/ficxa_marato_de_valencia_03-300x188.jpg 300w, https:\/\/ficxa.es\/wp-content\/uploads\/2019\/12\/ficxa_marato_de_valencia_03-768x480.jpg 768w\" sizes=\"(max-width: 960px) 100vw, 960px\" \/><\/p>\n<p><img loading=\"lazy\" class=\"size-full wp-image-2709 alignnone\" src=\"https:\/\/ficxa.es\/wordpress\/wp-content\/uploads\/2019\/12\/ficxa_marato_de_valencia_02.jpg\" alt=\"\" width=\"960\" height=\"600\" srcset=\"https:\/\/ficxa.es\/wp-content\/uploads\/2019\/12\/ficxa_marato_de_valencia_02.jpg 960w, https:\/\/ficxa.es\/wp-content\/uploads\/2019\/12\/ficxa_marato_de_valencia_02-300x188.jpg 300w, https:\/\/ficxa.es\/wp-content\/uploads\/2019\/12\/ficxa_marato_de_valencia_02-768x480.jpg 768w\" sizes=\"(max-width: 960px) 100vw, 960px\" \/><\/p>\n<p><img loading=\"lazy\" class=\"size-full wp-image-2715 alignnone\" src=\"https:\/\/ficxa.es\/wordpress\/wp-content\/uploads\/2019\/12\/ficxa_marato_de_valencia_08.jpg\" alt=\"\" width=\"960\" height=\"600\" srcset=\"https:\/\/ficxa.es\/wp-content\/uploads\/2019\/12\/ficxa_marato_de_valencia_08.jpg 960w, https:\/\/ficxa.es\/wp-content\/uploads\/2019\/12\/ficxa_marato_de_valencia_08-300x188.jpg 300w, https:\/\/ficxa.es\/wp-content\/uploads\/2019\/12\/ficxa_marato_de_valencia_08-768x480.jpg 768w\" sizes=\"(max-width: 960px) 100vw, 960px\" \/><\/p>\n<p><img loading=\"lazy\" class=\"size-full wp-image-2714 alignnone\" src=\"https:\/\/ficxa.es\/wordpress\/wp-content\/uploads\/2019\/12\/ficxa_marato_de_valencia_07.jpg\" alt=\"\" width=\"960\" height=\"600\" srcset=\"https:\/\/ficxa.es\/wp-content\/uploads\/2019\/12\/ficxa_marato_de_valencia_07.jpg 960w, https:\/\/ficxa.es\/wp-content\/uploads\/2019\/12\/ficxa_marato_de_valencia_07-300x188.jpg 300w, https:\/\/ficxa.es\/wp-content\/uploads\/2019\/12\/ficxa_marato_de_valencia_07-768x480.jpg 768w\" sizes=\"(max-width: 960px) 100vw, 960px\" \/><\/p>\n<p><img loading=\"lazy\" class=\"size-full wp-image-2713 alignnone\" src=\"https:\/\/ficxa.es\/wordpress\/wp-content\/uploads\/2019\/12\/ficxa_marato_de_valencia_06.jpg\" alt=\"\" width=\"960\" height=\"600\" srcset=\"https:\/\/ficxa.es\/wp-content\/uploads\/2019\/12\/ficxa_marato_de_valencia_06.jpg 960w, https:\/\/ficxa.es\/wp-content\/uploads\/2019\/12\/ficxa_marato_de_valencia_06-300x188.jpg 300w, https:\/\/ficxa.es\/wp-content\/uploads\/2019\/12\/ficxa_marato_de_valencia_06-768x480.jpg 768w\" sizes=\"(max-width: 960px) 100vw, 960px\" \/><\/p>\n<\/div>\n<\/div>\n<div class=\"WordSection1\">\n<p><img loading=\"lazy\" class=\"size-full wp-image-2716 alignnone\" src=\"https:\/\/ficxa.es\/wordpress\/wp-content\/uploads\/2019\/12\/ficxa_marato_de_valencia_09.jpg\" alt=\"\" width=\"960\" height=\"600\" srcset=\"https:\/\/ficxa.es\/wp-content\/uploads\/2019\/12\/ficxa_marato_de_valencia_09.jpg 960w, https:\/\/ficxa.es\/wp-content\/uploads\/2019\/12\/ficxa_marato_de_valencia_09-300x188.jpg 300w, https:\/\/ficxa.es\/wp-content\/uploads\/2019\/12\/ficxa_marato_de_valencia_09-768x480.jpg 768w\" sizes=\"(max-width: 960px) 100vw, 960px\" \/><\/p>\n<p>Nuestra labor no concluye con la impresi\u00f3n, sino que nuestro equipo de montaje est\u00e1\u00a0<b>preparado para ofrecer la mejor ejecuci\u00f3n final<\/b>, con una instalaci\u00f3n que da forma y color a una campa\u00f1a, un evento corporativo, un festival de m\u00fasica, un tranv\u00eda o una fachada.<\/p>\n<h3><span style=\"color: #ff6600;\">V\u00eddeos \u201cslow motion\u201d del montaje:<\/span><\/h3>\n<p><iframe title=\"ficxa marato de valencia 01\" width=\"780\" height=\"439\" src=\"https:\/\/www.youtube.com\/embed\/7fwuSnv1eU4?feature=oembed\" frameborder=\"0\" allow=\"accelerometer; autoplay; encrypted-media; gyroscope; picture-in-picture\" allowfullscreen><\/iframe><\/p>\n<p><iframe title=\"ficxa marato de valencia 02\" width=\"780\" height=\"439\" src=\"https:\/\/www.youtube.com\/embed\/8tei2vhHoOY?feature=oembed\" frameborder=\"0\" allow=\"accelerometer; autoplay; encrypted-media; gyroscope; picture-in-picture\" allowfullscreen><\/iframe><\/p>\n<p><iframe title=\"ficxa marato de valencia 03\" width=\"780\" height=\"439\" src=\"https:\/\/www.youtube.com\/embed\/UXGnvYn_BLk?feature=oembed\" frameborder=\"0\" allow=\"accelerometer; autoplay; encrypted-media; gyroscope; picture-in-picture\" allowfullscreen><\/iframe><\/p>\n<p>\u00bfQuieres mostrar tu proyecto a lo grande?<br \/>\nEstamos encantados de\u00a0<b>escuchar tus ideas<\/b>.<br \/>\nContacta con nosotros. <a href=\"mailto:ficxa@ficxa.es\">ficxa@ficxa.es<\/a><\/p>\n<\/div>\n<\/div>\n<\/div>\n<\/div>\n","protected":false},"excerpt":{"rendered":"<p>Marat\u00f3n Trinidad Alfonso Un a\u00f1o m\u00e1s cumplimos el exigente proyecto de implantaci\u00f3n de la imagen en el arco de salida [&hellip;]<\/p>\n","protected":false},"author":1,"featured_media":2708,"comment_status":"closed","ping_status":"closed","sticky":false,"template":"","format":"standard","meta":{"sfsi_plus_gutenberg_text_before_share":"","sfsi_plus_gutenberg_show_text_before_share":"","sfsi_plus_gutenberg_icon_type":"","sfsi_plus_gutenberg_icon_alignemt":"","sfsi_plus_gutenburg_max_per_row":""},"categories":[1,3,2,15],"tags":[],"_links":{"self":[{"href":"https:\/\/ficxa.es\/index.php\/wp-json\/wp\/v2\/posts\/2706"}],"collection":[{"href":"https:\/\/ficxa.es\/index.php\/wp-json\/wp\/v2\/posts"}],"about":[{"href":"https:\/\/ficxa.es\/index.php\/wp-json\/wp\/v2\/types\/post"}],"author":[{"embeddable":true,"href":"https:\/\/ficxa.es\/index.php\/wp-json\/wp\/v2\/users\/1"}],"replies":[{"embeddable":true,"href":"https:\/\/ficxa.es\/index.php\/wp-json\/wp\/v2\/comments?post=2706"}],"version-history":[{"count":7,"href":"https:\/\/ficxa.es\/index.php\/wp-json\/wp\/v2\/posts\/2706\/revisions"}],"predecessor-version":[{"id":2724,"href":"https:\/\/ficxa.es\/index.php\/wp-json\/wp\/v2\/posts\/2706\/revisions\/2724"}],"wp:featuredmedia":[{"embeddable":true,"href":"https:\/\/ficxa.es\/index.php\/wp-json\/wp\/v2\/media\/2708"}],"wp:attachment":[{"href":"https:\/\/ficxa.es\/index.php\/wp-json\/wp\/v2\/media?parent=2706"}],"wp:term":[{"taxonomy":"category","embeddable":true,"href":"https:\/\/ficxa.es\/index.php\/wp-json\/wp\/v2\/categories?post=2706"},{"taxonomy":"post_tag","embeddable":true,"href":"https:\/\/ficxa.es\/index.php\/wp-json\/wp\/v2\/tags?post=2706"}],"curies":[{"name":"wp","href":"https:\/\/api.w.org\/{rel}","templated":true}]}}